{"id":2590,"date":"2022-11-10T12:27:57","date_gmt":"2022-11-10T11:27:57","guid":{"rendered":"https:\/\/www.cassiom.com\/luc-billieres-a-lhonneur-dans-le-magazine-ciel-et-espace"},"modified":"2022-11-10T12:28:51","modified_gmt":"2022-11-10T11:28:51","slug":"luc-billieres-a-lhonneur-dans-le-magazine-ciel-et-espace","status":"publish","type":"post","link":"https:\/\/www.cassiom.com\/fr\/luc-billieres-a-lhonneur-dans-le-magazine-ciel-et-espace","title":{"rendered":"Luc Billi\u00e8res \u00e0 l\u2019honneur dans le magazine Ciel et Espace"},"content":{"rendered":"","protected":false},"excerpt":{"rendered":"","protected":false},"author":2,"featured_media":0,"comment_status":"open","ping_status":"open","sticky":false,"template":"","format":"standard","meta":{"footnotes":""},"categories":[1],"tags":[],"class_list":["post-2590","post","type-post","status-publish","format-standard","hentry","category-non-classifiee"],"acf":[],"yoast_head":"<!-- This site is optimized with the Yoast SEO plugin v27.4 - https:\/\/yoast.com\/product\/yoast-seo-wordpress\/ -->\n<title>Luc Billi\u00e8res \u00e0 l\u2019honneur dans le magazine Ciel et Espace - Cassiom<\/title>\n<meta name=\"description\" content=\"Luc Billi\u00e8res \u00e0 l\u2019honneur dans le magazine Ciel et Espace. D\u00e9couvrez nos objets de d\u00e9coration design tendances pour votre int\u00e9rieur. Repensez votre espace et plongez dans un univers design.\" \/>\n<meta name=\"robots\" content=\"index, follow, max-snippet:-1, max-image-preview:large, max-video-preview:-1\" \/>\n<link rel=\"canonical\" href=\"https:\/\/www.cassiom.com\/fr\/luc-billieres-a-lhonneur-dans-le-magazine-ciel-et-espace\" \/>\n<meta property=\"og:locale\" content=\"fr_FR\" \/>\n<meta property=\"og:type\" content=\"article\" \/>\n<meta property=\"og:title\" content=\"Luc Billi\u00e8res \u00e0 l\u2019honneur dans le magazine Ciel et Espace - Cassiom\" \/>\n<meta property=\"og:description\" content=\"Luc Billi\u00e8res \u00e0 l\u2019honneur dans le magazine Ciel et Espace. D\u00e9couvrez nos objets de d\u00e9coration design tendances pour votre int\u00e9rieur. Repensez votre espace et plongez dans un univers design.\" \/>\n<meta property=\"og:url\" content=\"https:\/\/www.cassiom.com\/fr\/luc-billieres-a-lhonneur-dans-le-magazine-ciel-et-espace\" \/>\n<meta property=\"og:site_name\" content=\"Cassiom\" \/>\n<meta property=\"article:published_time\" content=\"2022-11-10T11:27:57+00:00\" \/>\n<meta property=\"article:modified_time\" content=\"2022-11-10T11:28:51+00:00\" \/>\n<meta name=\"author\" content=\"Virginie Lescornet\" \/>\n<meta name=\"twitter:card\" content=\"summary_large_image\" \/>\n<meta name=\"twitter:label1\" content=\"\u00c9crit par\" \/>\n\t<meta name=\"twitter:data1\" content=\"Virginie Lescornet\" \/>\n<script type=\"application\/ld+json\" class=\"yoast-schema-graph\">{\"@context\":\"https:\\\/\\\/schema.org\",\"@graph\":[{\"@type\":\"Article\",\"@id\":\"https:\\\/\\\/www.cassiom.com\\\/fr\\\/luc-billieres-a-lhonneur-dans-le-magazine-ciel-et-espace#article\",\"isPartOf\":{\"@id\":\"https:\\\/\\\/www.cassiom.com\\\/fr\\\/luc-billieres-a-lhonneur-dans-le-magazine-ciel-et-espace\"},\"author\":{\"name\":\"Virginie Lescornet\",\"@id\":\"https:\\\/\\\/www.cassiom.com\\\/#\\\/schema\\\/person\\\/fb54e7e831a917e597342274995cff38\"},\"headline\":\"Luc Billi\u00e8res \u00e0 l\u2019honneur dans le magazine Ciel et Espace\",\"datePublished\":\"2022-11-10T11:27:57+00:00\",\"dateModified\":\"2022-11-10T11:28:51+00:00\",\"mainEntityOfPage\":{\"@id\":\"https:\\\/\\\/www.cassiom.com\\\/fr\\\/luc-billieres-a-lhonneur-dans-le-magazine-ciel-et-espace\"},\"wordCount\":11,\"commentCount\":0,\"articleSection\":[\"Non classifi\u00e9(e)\"],\"inLanguage\":\"fr-FR\",\"potentialAction\":[{\"@type\":\"CommentAction\",\"name\":\"Comment\",\"target\":[\"https:\\\/\\\/www.cassiom.com\\\/fr\\\/luc-billieres-a-lhonneur-dans-le-magazine-ciel-et-espace#respond\"]}]},{\"@type\":\"WebPage\",\"@id\":\"https:\\\/\\\/www.cassiom.com\\\/fr\\\/luc-billieres-a-lhonneur-dans-le-magazine-ciel-et-espace\",\"url\":\"https:\\\/\\\/www.cassiom.com\\\/fr\\\/luc-billieres-a-lhonneur-dans-le-magazine-ciel-et-espace\",\"name\":\"Luc Billi\u00e8res \u00e0 l\u2019honneur dans le magazine Ciel et Espace - Cassiom\",\"isPartOf\":{\"@id\":\"https:\\\/\\\/www.cassiom.com\\\/#website\"},\"datePublished\":\"2022-11-10T11:27:57+00:00\",\"dateModified\":\"2022-11-10T11:28:51+00:00\",\"author\":{\"@id\":\"https:\\\/\\\/www.cassiom.com\\\/#\\\/schema\\\/person\\\/fb54e7e831a917e597342274995cff38\"},\"description\":\"Luc Billi\u00e8res \u00e0 l\u2019honneur dans le magazine Ciel et Espace. D\u00e9couvrez nos objets de d\u00e9coration design tendances pour votre int\u00e9rieur. Repensez votre espace et plongez dans un univers design.\",\"breadcrumb\":{\"@id\":\"https:\\\/\\\/www.cassiom.com\\\/fr\\\/luc-billieres-a-lhonneur-dans-le-magazine-ciel-et-espace#breadcrumb\"},\"inLanguage\":\"fr-FR\",\"potentialAction\":[{\"@type\":\"ReadAction\",\"target\":[\"https:\\\/\\\/www.cassiom.com\\\/fr\\\/luc-billieres-a-lhonneur-dans-le-magazine-ciel-et-espace\"]}]},{\"@type\":\"BreadcrumbList\",\"@id\":\"https:\\\/\\\/www.cassiom.com\\\/fr\\\/luc-billieres-a-lhonneur-dans-le-magazine-ciel-et-espace#breadcrumb\",\"itemListElement\":[{\"@type\":\"ListItem\",\"position\":1,\"name\":\"Home\",\"item\":\"https:\\\/\\\/www.cassiom.com\\\/fr\"},{\"@type\":\"ListItem\",\"position\":2,\"name\":\"Luc Billi\u00e8res \u00e0 l\u2019honneur dans le magazine Ciel et Espace\"}]},{\"@type\":\"WebSite\",\"@id\":\"https:\\\/\\\/www.cassiom.com\\\/#website\",\"url\":\"https:\\\/\\\/www.cassiom.com\\\/\",\"name\":\"Cassiom\",\"description\":\"Objets de d\u00e9coration design \u00e0 la d\u00e9couverte du ciel\",\"potentialAction\":[{\"@type\":\"SearchAction\",\"target\":{\"@type\":\"EntryPoint\",\"urlTemplate\":\"https:\\\/\\\/www.cassiom.com\\\/?s={search_term_string}\"},\"query-input\":{\"@type\":\"PropertyValueSpecification\",\"valueRequired\":true,\"valueName\":\"search_term_string\"}}],\"inLanguage\":\"fr-FR\"},{\"@type\":\"Person\",\"@id\":\"https:\\\/\\\/www.cassiom.com\\\/#\\\/schema\\\/person\\\/fb54e7e831a917e597342274995cff38\",\"name\":\"Virginie Lescornet\",\"url\":\"https:\\\/\\\/www.cassiom.com\\\/fr\\\/author\\\/virginie2am21-com\"}]}<\/script>\n<!-- \/ Yoast SEO plugin. -->","yoast_head_json":{"title":"Luc Billi\u00e8res \u00e0 l\u2019honneur dans le magazine Ciel et Espace - Cassiom","description":"Luc Billi\u00e8res \u00e0 l\u2019honneur dans le magazine Ciel et Espace. D\u00e9couvrez nos objets de d\u00e9coration design tendances pour votre int\u00e9rieur. Repensez votre espace et plongez dans un univers design.","robots":{"index":"index","follow":"follow","max-snippet":"max-snippet:-1","max-image-preview":"max-image-preview:large","max-video-preview":"max-video-preview:-1"},"canonical":"https:\/\/www.cassiom.com\/fr\/luc-billieres-a-lhonneur-dans-le-magazine-ciel-et-espace","og_locale":"fr_FR","og_type":"article","og_title":"Luc Billi\u00e8res \u00e0 l\u2019honneur dans le magazine Ciel et Espace - Cassiom","og_description":"Luc Billi\u00e8res \u00e0 l\u2019honneur dans le magazine Ciel et Espace. D\u00e9couvrez nos objets de d\u00e9coration design tendances pour votre int\u00e9rieur. Repensez votre espace et plongez dans un univers design.","og_url":"https:\/\/www.cassiom.com\/fr\/luc-billieres-a-lhonneur-dans-le-magazine-ciel-et-espace","og_site_name":"Cassiom","article_published_time":"2022-11-10T11:27:57+00:00","article_modified_time":"2022-11-10T11:28:51+00:00","author":"Virginie Lescornet","twitter_card":"summary_large_image","twitter_misc":{"\u00c9crit par":"Virginie Lescornet"},"schema":{"@context":"https:\/\/schema.org","@graph":[{"@type":"Article","@id":"https:\/\/www.cassiom.com\/fr\/luc-billieres-a-lhonneur-dans-le-magazine-ciel-et-espace#article","isPartOf":{"@id":"https:\/\/www.cassiom.com\/fr\/luc-billieres-a-lhonneur-dans-le-magazine-ciel-et-espace"},"author":{"name":"Virginie Lescornet","@id":"https:\/\/www.cassiom.com\/#\/schema\/person\/fb54e7e831a917e597342274995cff38"},"headline":"Luc Billi\u00e8res \u00e0 l\u2019honneur dans le magazine Ciel et Espace","datePublished":"2022-11-10T11:27:57+00:00","dateModified":"2022-11-10T11:28:51+00:00","mainEntityOfPage":{"@id":"https:\/\/www.cassiom.com\/fr\/luc-billieres-a-lhonneur-dans-le-magazine-ciel-et-espace"},"wordCount":11,"commentCount":0,"articleSection":["Non classifi\u00e9(e)"],"inLanguage":"fr-FR","potentialAction":[{"@type":"CommentAction","name":"Comment","target":["https:\/\/www.cassiom.com\/fr\/luc-billieres-a-lhonneur-dans-le-magazine-ciel-et-espace#respond"]}]},{"@type":"WebPage","@id":"https:\/\/www.cassiom.com\/fr\/luc-billieres-a-lhonneur-dans-le-magazine-ciel-et-espace","url":"https:\/\/www.cassiom.com\/fr\/luc-billieres-a-lhonneur-dans-le-magazine-ciel-et-espace","name":"Luc Billi\u00e8res \u00e0 l\u2019honneur dans le magazine Ciel et Espace - Cassiom","isPartOf":{"@id":"https:\/\/www.cassiom.com\/#website"},"datePublished":"2022-11-10T11:27:57+00:00","dateModified":"2022-11-10T11:28:51+00:00","author":{"@id":"https:\/\/www.cassiom.com\/#\/schema\/person\/fb54e7e831a917e597342274995cff38"},"description":"Luc Billi\u00e8res \u00e0 l\u2019honneur dans le magazine Ciel et Espace. D\u00e9couvrez nos objets de d\u00e9coration design tendances pour votre int\u00e9rieur. Repensez votre espace et plongez dans un univers design.","breadcrumb":{"@id":"https:\/\/www.cassiom.com\/fr\/luc-billieres-a-lhonneur-dans-le-magazine-ciel-et-espace#breadcrumb"},"inLanguage":"fr-FR","potentialAction":[{"@type":"ReadAction","target":["https:\/\/www.cassiom.com\/fr\/luc-billieres-a-lhonneur-dans-le-magazine-ciel-et-espace"]}]},{"@type":"BreadcrumbList","@id":"https:\/\/www.cassiom.com\/fr\/luc-billieres-a-lhonneur-dans-le-magazine-ciel-et-espace#breadcrumb","itemListElement":[{"@type":"ListItem","position":1,"name":"Home","item":"https:\/\/www.cassiom.com\/fr"},{"@type":"ListItem","position":2,"name":"Luc Billi\u00e8res \u00e0 l\u2019honneur dans le magazine Ciel et Espace"}]},{"@type":"WebSite","@id":"https:\/\/www.cassiom.com\/#website","url":"https:\/\/www.cassiom.com\/","name":"Cassiom","description":"Objets de d\u00e9coration design \u00e0 la d\u00e9couverte du ciel","potentialAction":[{"@type":"SearchAction","target":{"@type":"EntryPoint","urlTemplate":"https:\/\/www.cassiom.com\/?s={search_term_string}"},"query-input":{"@type":"PropertyValueSpecification","valueRequired":true,"valueName":"search_term_string"}}],"inLanguage":"fr-FR"},{"@type":"Person","@id":"https:\/\/www.cassiom.com\/#\/schema\/person\/fb54e7e831a917e597342274995cff38","name":"Virginie Lescornet","url":"https:\/\/www.cassiom.com\/fr\/author\/virginie2am21-com"}]}},"_links":{"self":[{"href":"https:\/\/www.cassiom.com\/fr\/wp-json\/wp\/v2\/posts\/2590","targetHints":{"allow":["GET"]}}],"collection":[{"href":"https:\/\/www.cassiom.com\/fr\/wp-json\/wp\/v2\/posts"}],"about":[{"href":"https:\/\/www.cassiom.com\/fr\/wp-json\/wp\/v2\/types\/post"}],"author":[{"embeddable":true,"href":"https:\/\/www.cassiom.com\/fr\/wp-json\/wp\/v2\/users\/2"}],"replies":[{"embeddable":true,"href":"https:\/\/www.cassiom.com\/fr\/wp-json\/wp\/v2\/comments?post=2590"}],"version-history":[{"count":2,"href":"https:\/\/www.cassiom.com\/fr\/wp-json\/wp\/v2\/posts\/2590\/revisions"}],"predecessor-version":[{"id":2592,"href":"https:\/\/www.cassiom.com\/fr\/wp-json\/wp\/v2\/posts\/2590\/revisions\/2592"}],"wp:attachment":[{"href":"https:\/\/www.cassiom.com\/fr\/wp-json\/wp\/v2\/media?parent=2590"}],"wp:term":[{"taxonomy":"category","embeddable":true,"href":"https:\/\/www.cassiom.com\/fr\/wp-json\/wp\/v2\/categories?post=2590"},{"taxonomy":"post_tag","embeddable":true,"href":"https:\/\/www.cassiom.com\/fr\/wp-json\/wp\/v2\/tags?post=2590"}],"curies":[{"name":"wp","href":"https:\/\/api.w.org\/{rel}","templated":true}]}}